{"id":1459,"date":"2023-05-02T08:35:18","date_gmt":"2023-05-02T08:35:18","guid":{"rendered":"https:\/\/spezialholzerei-schauli.ch\/cms\/?p=1459"},"modified":"2023-07-26T06:03:49","modified_gmt":"2023-07-26T06:03:49","slug":"wurzelstockfraese-ahwi-sf1100","status":"publish","type":"post","link":"https:\/\/spezialholzerei-schauli.ch\/cms\/wurzelstockfraese-ahwi-sf1100\/","title":{"rendered":"Wurzelstockfr\u00e4se AHWI SF1100"},"content":{"rendered":"\t\t<div data-elementor-type=\"wp-post\" data-elementor-id=\"1459\" class=\"elementor elementor-1459\" data-elementor-post-type=\"post\">\n\t\t\t\t\t\t<section class=\"elementor-section elementor-top-section elementor-element elementor-element-5626b5fa elementor-section-boxed elementor-section-height-default elementor-section-height-default\" data-id=\"5626b5fa\" data-element_type=\"section\" data-e-type=\"section\">\n\t\t\t\t\t\t<div class=\"elementor-container elementor-column-gap-default\">\n\t\t\t\t\t<div class=\"elementor-column elementor-col-100 elementor-top-column elementor-element elementor-element-6d2a02c8\" data-id=\"6d2a02c8\" data-element_type=\"column\" data-e-type=\"column\">\n\t\t\t<div class=\"elementor-widget-wrap elementor-element-populated\">\n\t\t\t\t\t\t<div class=\"elementor-element elementor-element-4224e513 elementor-widget elementor-widget-text-editor\" data-id=\"4224e513\" data-element_type=\"widget\" data-e-type=\"widget\" data-widget_type=\"text-editor.default\">\n\t\t\t\t<div class=\"elementor-widget-container\">\n\t\t\t\t\t\t\t\t\t<p>Das Fr\u00e4sen von grossen Baumst\u00f6cken gelingt mit unserer Wurzelstockfr\u00e4se schnell und m\u00fchelos.<\/p>\t\t\t\t\t\t\t\t<\/div>\n\t\t\t\t<\/div>\n\t\t\t\t\t<\/div>\n\t\t<\/div>\n\t\t\t\t\t<\/div>\n\t\t<\/section>\n\t\t\t\t<section class=\"elementor-section elementor-top-section elementor-element elementor-element-cedd05f elementor-section-boxed elementor-section-height-default elementor-section-height-default\" data-id=\"cedd05f\" data-element_type=\"section\" data-e-type=\"section\">\n\t\t\t\t\t\t<div class=\"elementor-container elementor-column-gap-default\">\n\t\t\t\t\t<div class=\"elementor-column elementor-col-100 elementor-top-column elementor-element elementor-element-e81a31c\" data-id=\"e81a31c\" data-element_type=\"column\" data-e-type=\"column\">\n\t\t\t<div class=\"elementor-widget-wrap elementor-element-populated\">\n\t\t\t\t\t\t<div class=\"elementor-element elementor-element-bf686cb elementor-widget elementor-widget-gallery\" data-id=\"bf686cb\" data-element_type=\"widget\" data-e-type=\"widget\" data-settings=\"{&quot;gallery_layout&quot;:&quot;masonry&quot;,&quot;lazyload&quot;:&quot;yes&quot;,&quot;columns&quot;:4,&quot;columns_tablet&quot;:2,&quot;columns_mobile&quot;:1,&quot;gap&quot;:{&quot;unit&quot;:&quot;px&quot;,&quot;size&quot;:10,&quot;sizes&quot;:[]},&quot;gap_tablet&quot;:{&quot;unit&quot;:&quot;px&quot;,&quot;size&quot;:10,&quot;sizes&quot;:[]},&quot;gap_mobile&quot;:{&quot;unit&quot;:&quot;px&quot;,&quot;size&quot;:10,&quot;sizes&quot;:[]},&quot;link_to&quot;:&quot;file&quot;,&quot;overlay_background&quot;:&quot;yes&quot;,&quot;content_hover_animation&quot;:&quot;fade-in&quot;}\" data-widget_type=\"gallery.default\">\n\t\t\t\t<div class=\"elementor-widget-container\">\n\t\t\t\t\t\t\t<div class=\"elementor-gallery__container\">\n\t\t\t\t\t\t\t<a class=\"e-gallery-item elementor-gallery-item elementor-animated-content\" href=\"https:\/\/spezialholzerei-schauli.ch\/cms\/wp-content\/uploads\/2023\/05\/PHOTO-2023-04-26-11-59-21.jpg\" data-elementor-open-lightbox=\"yes\" data-elementor-lightbox-slideshow=\"bf686cb\" data-e-action-hash=\"#elementor-action%3Aaction%3Dlightbox%26settings%3DeyJpZCI6MTQ2MCwidXJsIjoiaHR0cHM6XC9cL3NwZXppYWxob2x6ZXJlaS1zY2hhdWxpLmNoXC9jbXNcL3dwLWNvbnRlbnRcL3VwbG9hZHNcLzIwMjNcLzA1XC9QSE9UTy0yMDIzLTA0LTI2LTExLTU5LTIxLmpwZyIsInNsaWRlc2hvdyI6ImJmNjg2Y2IifQ%3D%3D\">\n\t\t\t\t\t<div class=\"e-gallery-image elementor-gallery-item__image\" data-thumbnail=\"https:\/\/spezialholzerei-schauli.ch\/cms\/wp-content\/uploads\/2023\/05\/PHOTO-2023-04-26-11-59-21.jpg\" data-width=\"1600\" data-height=\"1200\" aria-label=\"\" role=\"img\" ><\/div>\n\t\t\t\t\t\t\t\t\t\t\t<div class=\"elementor-gallery-item__overlay\"><\/div>\n\t\t\t\t\t\t\t\t\t\t\t\t\t\t<\/a>\n\t\t\t\t\t\t\t<a class=\"e-gallery-item elementor-gallery-item elementor-animated-content\" href=\"https:\/\/spezialholzerei-schauli.ch\/cms\/wp-content\/uploads\/2023\/05\/PHOTO-2023-04-26-11-59-22.jpg\" data-elementor-open-lightbox=\"yes\" data-elementor-lightbox-slideshow=\"bf686cb\" data-e-action-hash=\"#elementor-action%3Aaction%3Dlightbox%26settings%3DeyJpZCI6MTQ2MiwidXJsIjoiaHR0cHM6XC9cL3NwZXppYWxob2x6ZXJlaS1zY2hhdWxpLmNoXC9jbXNcL3dwLWNvbnRlbnRcL3VwbG9hZHNcLzIwMjNcLzA1XC9QSE9UTy0yMDIzLTA0LTI2LTExLTU5LTIyLmpwZyIsInNsaWRlc2hvdyI6ImJmNjg2Y2IifQ%3D%3D\">\n\t\t\t\t\t<div class=\"e-gallery-image elementor-gallery-item__image\" data-thumbnail=\"https:\/\/spezialholzerei-schauli.ch\/cms\/wp-content\/uploads\/2023\/05\/PHOTO-2023-04-26-11-59-22.jpg\" data-width=\"1600\" data-height=\"1200\" aria-label=\"\" role=\"img\" ><\/div>\n\t\t\t\t\t\t\t\t\t\t\t<div class=\"elementor-gallery-item__overlay\"><\/div>\n\t\t\t\t\t\t\t\t\t\t\t\t\t\t<\/a>\n\t\t\t\t\t\t\t<a class=\"e-gallery-item elementor-gallery-item elementor-animated-content\" href=\"https:\/\/spezialholzerei-schauli.ch\/cms\/wp-content\/uploads\/2023\/05\/PHOTO-2023-04-26-11-59-27-2.jpg\" data-elementor-open-lightbox=\"yes\" data-elementor-lightbox-slideshow=\"bf686cb\" data-e-action-hash=\"#elementor-action%3Aaction%3Dlightbox%26settings%3DeyJpZCI6MTQ2NCwidXJsIjoiaHR0cHM6XC9cL3NwZXppYWxob2x6ZXJlaS1zY2hhdWxpLmNoXC9jbXNcL3dwLWNvbnRlbnRcL3VwbG9hZHNcLzIwMjNcLzA1XC9QSE9UTy0yMDIzLTA0LTI2LTExLTU5LTI3LTIuanBnIiwic2xpZGVzaG93IjoiYmY2ODZjYiJ9\">\n\t\t\t\t\t<div class=\"e-gallery-image elementor-gallery-item__image\" data-thumbnail=\"https:\/\/spezialholzerei-schauli.ch\/cms\/wp-content\/uploads\/2023\/05\/PHOTO-2023-04-26-11-59-27-2.jpg\" data-width=\"1600\" data-height=\"1200\" aria-label=\"\" role=\"img\" ><\/div>\n\t\t\t\t\t\t\t\t\t\t\t<div class=\"elementor-gallery-item__overlay\"><\/div>\n\t\t\t\t\t\t\t\t\t\t\t\t\t\t<\/a>\n\t\t\t\t\t\t\t<a class=\"e-gallery-item elementor-gallery-item elementor-animated-content\" href=\"https:\/\/spezialholzerei-schauli.ch\/cms\/wp-content\/uploads\/2023\/05\/PHOTO-2023-04-26-11-59-25.jpg\" data-elementor-open-lightbox=\"yes\" data-elementor-lightbox-slideshow=\"bf686cb\" data-e-action-hash=\"#elementor-action%3Aaction%3Dlightbox%26settings%3DeyJpZCI6MTQ2MywidXJsIjoiaHR0cHM6XC9cL3NwZXppYWxob2x6ZXJlaS1zY2hhdWxpLmNoXC9jbXNcL3dwLWNvbnRlbnRcL3VwbG9hZHNcLzIwMjNcLzA1XC9QSE9UTy0yMDIzLTA0LTI2LTExLTU5LTI1LmpwZyIsInNsaWRlc2hvdyI6ImJmNjg2Y2IifQ%3D%3D\">\n\t\t\t\t\t<div class=\"e-gallery-image elementor-gallery-item__image\" data-thumbnail=\"https:\/\/spezialholzerei-schauli.ch\/cms\/wp-content\/uploads\/2023\/05\/PHOTO-2023-04-26-11-59-25.jpg\" data-width=\"1600\" data-height=\"1200\" aria-label=\"\" role=\"img\" ><\/div>\n\t\t\t\t\t\t\t\t\t\t\t<div class=\"elementor-gallery-item__overlay\"><\/div>\n\t\t\t\t\t\t\t\t\t\t\t\t\t\t<\/a>\n\t\t\t\t\t\t\t<a class=\"e-gallery-item elementor-gallery-item elementor-animated-content\" href=\"https:\/\/spezialholzerei-schauli.ch\/cms\/wp-content\/uploads\/2023\/05\/PHOTO-2023-04-26-11-59-27.jpg\" data-elementor-open-lightbox=\"yes\" data-elementor-lightbox-slideshow=\"bf686cb\" data-e-action-hash=\"#elementor-action%3Aaction%3Dlightbox%26settings%3DeyJpZCI6MTQ2NSwidXJsIjoiaHR0cHM6XC9cL3NwZXppYWxob2x6ZXJlaS1zY2hhdWxpLmNoXC9jbXNcL3dwLWNvbnRlbnRcL3VwbG9hZHNcLzIwMjNcLzA1XC9QSE9UTy0yMDIzLTA0LTI2LTExLTU5LTI3LmpwZyIsInNsaWRlc2hvdyI6ImJmNjg2Y2IifQ%3D%3D\">\n\t\t\t\t\t<div class=\"e-gallery-image elementor-gallery-item__image\" data-thumbnail=\"https:\/\/spezialholzerei-schauli.ch\/cms\/wp-content\/uploads\/2023\/05\/PHOTO-2023-04-26-11-59-27.jpg\" data-width=\"1600\" data-height=\"1200\" aria-label=\"\" role=\"img\" ><\/div>\n\t\t\t\t\t\t\t\t\t\t\t<div class=\"elementor-gallery-item__overlay\"><\/div>\n\t\t\t\t\t\t\t\t\t\t\t\t\t\t<\/a>\n\t\t\t\t\t<\/div>\n\t\t\t\t\t<\/div>\n\t\t\t\t<\/div>\n\t\t\t\t\t<\/div>\n\t\t<\/div>\n\t\t\t\t\t<\/div>\n\t\t<\/section>\n\t\t\t\t<\/div>\n\t\t","protected":false},"excerpt":{"rendered":"<p>Das Fr\u00e4sen von grossen Baumst\u00f6cken gelingt mit unserer Wurzelstockfr\u00e4se schnell und m\u00fchelos.<\/p>\n","protected":false},"author":1,"featured_media":1460,"comment_status":"open","ping_status":"closed","sticky":false,"template":"","format":"standard","meta":{"footnotes":""},"categories":[14],"tags":[],"class_list":["post-1459","post","type-post","status-publish","format-standard","has-post-thumbnail","hentry","category-maschine"],"_links":{"self":[{"href":"https:\/\/spezialholzerei-schauli.ch\/cms\/wp-json\/wp\/v2\/posts\/1459","targetHints":{"allow":["GET"]}}],"collection":[{"href":"https:\/\/spezialholzerei-schauli.ch\/cms\/wp-json\/wp\/v2\/posts"}],"about":[{"href":"https:\/\/spezialholzerei-schauli.ch\/cms\/wp-json\/wp\/v2\/types\/post"}],"author":[{"embeddable":true,"href":"https:\/\/spezialholzerei-schauli.ch\/cms\/wp-json\/wp\/v2\/users\/1"}],"replies":[{"embeddable":true,"href":"https:\/\/spezialholzerei-schauli.ch\/cms\/wp-json\/wp\/v2\/comments?post=1459"}],"version-history":[{"count":0,"href":"https:\/\/spezialholzerei-schauli.ch\/cms\/wp-json\/wp\/v2\/posts\/1459\/revisions"}],"wp:featuredmedia":[{"embeddable":true,"href":"https:\/\/spezialholzerei-schauli.ch\/cms\/wp-json\/wp\/v2\/media\/1460"}],"wp:attachment":[{"href":"https:\/\/spezialholzerei-schauli.ch\/cms\/wp-json\/wp\/v2\/media?parent=1459"}],"wp:term":[{"taxonomy":"category","embeddable":true,"href":"https:\/\/spezialholzerei-schauli.ch\/cms\/wp-json\/wp\/v2\/categories?post=1459"},{"taxonomy":"post_tag","embeddable":true,"href":"https:\/\/spezialholzerei-schauli.ch\/cms\/wp-json\/wp\/v2\/tags?post=1459"}],"curies":[{"name":"wp","href":"https:\/\/api.w.org\/{rel}","templated":true}]}}