{"id":1470,"date":"2023-05-02T08:40:47","date_gmt":"2023-05-02T08:40:47","guid":{"rendered":"https:\/\/spezialholzerei-schauli.ch\/cms\/?p=1470"},"modified":"2023-06-06T10:46:55","modified_gmt":"2023-06-06T10:46:55","slug":"lkw-volvo-fmx-hakengeraet-fuer-mulde","status":"publish","type":"post","link":"https:\/\/spezialholzerei-schauli.ch\/cms\/lkw-volvo-fmx-hakengeraet-fuer-mulde\/","title":{"rendered":"LKW Volvo FMX Hakenger\u00e4t f\u00fcr Mulde"},"content":{"rendered":"\t\t<div data-elementor-type=\"wp-post\" data-elementor-id=\"1470\" class=\"elementor elementor-1470\" data-elementor-post-type=\"post\">\n\t\t\t\t\t\t<section class=\"elementor-section elementor-top-section elementor-element elementor-element-7f354b57 elementor-section-boxed elementor-section-height-default elementor-section-height-default\" data-id=\"7f354b57\" data-element_type=\"section\" data-e-type=\"section\">\n\t\t\t\t\t\t<div class=\"elementor-container elementor-column-gap-default\">\n\t\t\t\t\t<div class=\"elementor-column elementor-col-100 elementor-top-column elementor-element elementor-element-65328493\" data-id=\"65328493\" data-element_type=\"column\" data-e-type=\"column\">\n\t\t\t<div class=\"elementor-widget-wrap elementor-element-populated\">\n\t\t\t\t\t\t<div class=\"elementor-element elementor-element-431c7d2c elementor-widget elementor-widget-text-editor\" data-id=\"431c7d2c\" data-element_type=\"widget\" data-e-type=\"widget\" data-widget_type=\"text-editor.default\">\n\t\t\t\t<div class=\"elementor-widget-container\">\n\t\t\t\t\t\t\t\t\t<p>LKW Volvo FMX 4 Achser mit Hakenger\u00e4t, welches f\u00fcr den Mulden Service gebraucht wird. Mit unserem Mulden Service bedienen wir Private und Gesch\u00e4ftskunden. Die Mulden werden f\u00fcr verschiedene G\u00fcter bestellt. Gr\u00fcngut, \u00c4ste, Bauschutt, Sperrgutmulden.<\/p>\t\t\t\t\t\t\t\t<\/div>\n\t\t\t\t<\/div>\n\t\t\t\t\t<\/div>\n\t\t<\/div>\n\t\t\t\t\t<\/div>\n\t\t<\/section>\n\t\t\t\t<section class=\"elementor-section elementor-top-section elementor-element elementor-element-19f8757 elementor-section-boxed elementor-section-height-default elementor-section-height-default\" data-id=\"19f8757\" data-element_type=\"section\" data-e-type=\"section\">\n\t\t\t\t\t\t<div class=\"elementor-container elementor-column-gap-default\">\n\t\t\t\t\t<div class=\"elementor-column elementor-col-100 elementor-top-column elementor-element elementor-element-9b91fd5\" data-id=\"9b91fd5\" data-element_type=\"column\" data-e-type=\"column\">\n\t\t\t<div class=\"elementor-widget-wrap elementor-element-populated\">\n\t\t\t\t\t\t<div class=\"elementor-element elementor-element-d7951eb elementor-widget elementor-widget-gallery\" data-id=\"d7951eb\" data-element_type=\"widget\" data-e-type=\"widget\" data-settings=\"{&quot;gallery_layout&quot;:&quot;masonry&quot;,&quot;lazyload&quot;:&quot;yes&quot;,&quot;columns&quot;:4,&quot;columns_tablet&quot;:2,&quot;columns_mobile&quot;:1,&quot;gap&quot;:{&quot;unit&quot;:&quot;px&quot;,&quot;size&quot;:10,&quot;sizes&quot;:[]},&quot;gap_tablet&quot;:{&quot;unit&quot;:&quot;px&quot;,&quot;size&quot;:10,&quot;sizes&quot;:[]},&quot;gap_mobile&quot;:{&quot;unit&quot;:&quot;px&quot;,&quot;size&quot;:10,&quot;sizes&quot;:[]},&quot;link_to&quot;:&quot;file&quot;,&quot;overlay_background&quot;:&quot;yes&quot;,&quot;content_hover_animation&quot;:&quot;fade-in&quot;}\" data-widget_type=\"gallery.default\">\n\t\t\t\t<div class=\"elementor-widget-container\">\n\t\t\t\t\t\t\t<div class=\"elementor-gallery__container\">\n\t\t\t\t\t\t\t<a class=\"e-gallery-item elementor-gallery-item elementor-animated-content\" href=\"https:\/\/spezialholzerei-schauli.ch\/cms\/wp-content\/uploads\/2023\/05\/PHOTO-2023-04-26-11-40-16.jpg\" data-elementor-open-lightbox=\"yes\" data-elementor-lightbox-slideshow=\"d7951eb\" data-e-action-hash=\"#elementor-action%3Aaction%3Dlightbox%26settings%3DeyJpZCI6MTQ3MywidXJsIjoiaHR0cHM6XC9cL3NwZXppYWxob2x6ZXJlaS1zY2hhdWxpLmNoXC9jbXNcL3dwLWNvbnRlbnRcL3VwbG9hZHNcLzIwMjNcLzA1XC9QSE9UTy0yMDIzLTA0LTI2LTExLTQwLTE2LmpwZyIsInNsaWRlc2hvdyI6ImQ3OTUxZWIifQ%3D%3D\">\n\t\t\t\t\t<div class=\"e-gallery-image elementor-gallery-item__image\" data-thumbnail=\"https:\/\/spezialholzerei-schauli.ch\/cms\/wp-content\/uploads\/2023\/05\/PHOTO-2023-04-26-11-40-16.jpg\" data-width=\"1600\" data-height=\"1200\" aria-label=\"\" role=\"img\" ><\/div>\n\t\t\t\t\t\t\t\t\t\t\t<div class=\"elementor-gallery-item__overlay\"><\/div>\n\t\t\t\t\t\t\t\t\t\t\t\t\t\t<\/a>\n\t\t\t\t\t\t\t<a class=\"e-gallery-item elementor-gallery-item elementor-animated-content\" href=\"https:\/\/spezialholzerei-schauli.ch\/cms\/wp-content\/uploads\/2023\/05\/PHOTO-2023-04-26-11-40-16-2.jpg\" data-elementor-open-lightbox=\"yes\" data-elementor-lightbox-slideshow=\"d7951eb\" data-e-action-hash=\"#elementor-action%3Aaction%3Dlightbox%26settings%3DeyJpZCI6MTQ3MSwidXJsIjoiaHR0cHM6XC9cL3NwZXppYWxob2x6ZXJlaS1zY2hhdWxpLmNoXC9jbXNcL3dwLWNvbnRlbnRcL3VwbG9hZHNcLzIwMjNcLzA1XC9QSE9UTy0yMDIzLTA0LTI2LTExLTQwLTE2LTIuanBnIiwic2xpZGVzaG93IjoiZDc5NTFlYiJ9\">\n\t\t\t\t\t<div class=\"e-gallery-image elementor-gallery-item__image\" data-thumbnail=\"https:\/\/spezialholzerei-schauli.ch\/cms\/wp-content\/uploads\/2023\/05\/PHOTO-2023-04-26-11-40-16-2.jpg\" data-width=\"1600\" data-height=\"1200\" aria-label=\"\" role=\"img\" ><\/div>\n\t\t\t\t\t\t\t\t\t\t\t<div class=\"elementor-gallery-item__overlay\"><\/div>\n\t\t\t\t\t\t\t\t\t\t\t\t\t\t<\/a>\n\t\t\t\t\t\t\t<a class=\"e-gallery-item elementor-gallery-item elementor-animated-content\" href=\"https:\/\/spezialholzerei-schauli.ch\/cms\/wp-content\/uploads\/2023\/05\/PHOTO-2023-04-26-11-40-17.jpg\" data-elementor-open-lightbox=\"yes\" data-elementor-lightbox-slideshow=\"d7951eb\" data-e-action-hash=\"#elementor-action%3Aaction%3Dlightbox%26settings%3DeyJpZCI6MTQ3NCwidXJsIjoiaHR0cHM6XC9cL3NwZXppYWxob2x6ZXJlaS1zY2hhdWxpLmNoXC9jbXNcL3dwLWNvbnRlbnRcL3VwbG9hZHNcLzIwMjNcLzA1XC9QSE9UTy0yMDIzLTA0LTI2LTExLTQwLTE3LmpwZyIsInNsaWRlc2hvdyI6ImQ3OTUxZWIifQ%3D%3D\">\n\t\t\t\t\t<div class=\"e-gallery-image elementor-gallery-item__image\" data-thumbnail=\"https:\/\/spezialholzerei-schauli.ch\/cms\/wp-content\/uploads\/2023\/05\/PHOTO-2023-04-26-11-40-17.jpg\" data-width=\"1600\" data-height=\"1200\" aria-label=\"\" role=\"img\" ><\/div>\n\t\t\t\t\t\t\t\t\t\t\t<div class=\"elementor-gallery-item__overlay\"><\/div>\n\t\t\t\t\t\t\t\t\t\t\t\t\t\t<\/a>\n\t\t\t\t\t<\/div>\n\t\t\t\t\t<\/div>\n\t\t\t\t<\/div>\n\t\t\t\t\t<\/div>\n\t\t<\/div>\n\t\t\t\t\t<\/div>\n\t\t<\/section>\n\t\t\t\t<\/div>\n\t\t","protected":false},"excerpt":{"rendered":"<p>LKW Volvo FMX 4 Achser mit Hakenger\u00e4t, welches f\u00fcr den Mulden Service gebraucht wird. Mit unserem Mulden Service bedienen wir Private und Gesch\u00e4ftskunden. Die Mulden werden f\u00fcr verschiedene G\u00fcter bestellt. Gr\u00fcngut, \u00c4ste, Bauschutt, Sperrgutmulden.<\/p>\n","protected":false},"author":1,"featured_media":1471,"comment_status":"open","ping_status":"closed","sticky":false,"template":"","format":"standard","meta":{"footnotes":""},"categories":[14],"tags":[],"class_list":["post-1470","post","type-post","status-publish","format-standard","has-post-thumbnail","hentry","category-maschine"],"_links":{"self":[{"href":"https:\/\/spezialholzerei-schauli.ch\/cms\/wp-json\/wp\/v2\/posts\/1470","targetHints":{"allow":["GET"]}}],"collection":[{"href":"https:\/\/spezialholzerei-schauli.ch\/cms\/wp-json\/wp\/v2\/posts"}],"about":[{"href":"https:\/\/spezialholzerei-schauli.ch\/cms\/wp-json\/wp\/v2\/types\/post"}],"author":[{"embeddable":true,"href":"https:\/\/spezialholzerei-schauli.ch\/cms\/wp-json\/wp\/v2\/users\/1"}],"replies":[{"embeddable":true,"href":"https:\/\/spezialholzerei-schauli.ch\/cms\/wp-json\/wp\/v2\/comments?post=1470"}],"version-history":[{"count":0,"href":"https:\/\/spezialholzerei-schauli.ch\/cms\/wp-json\/wp\/v2\/posts\/1470\/revisions"}],"wp:featuredmedia":[{"embeddable":true,"href":"https:\/\/spezialholzerei-schauli.ch\/cms\/wp-json\/wp\/v2\/media\/1471"}],"wp:attachment":[{"href":"https:\/\/spezialholzerei-schauli.ch\/cms\/wp-json\/wp\/v2\/media?parent=1470"}],"wp:term":[{"taxonomy":"category","embeddable":true,"href":"https:\/\/spezialholzerei-schauli.ch\/cms\/wp-json\/wp\/v2\/categories?post=1470"},{"taxonomy":"post_tag","embeddable":true,"href":"https:\/\/spezialholzerei-schauli.ch\/cms\/wp-json\/wp\/v2\/tags?post=1470"}],"curies":[{"name":"wp","href":"https:\/\/api.w.org\/{rel}","templated":true}]}}