{"id":2056,"date":"2023-06-06T10:16:26","date_gmt":"2023-06-06T10:16:26","guid":{"rendered":"https:\/\/spezialholzerei-schauli.ch\/cms\/?p=2056"},"modified":"2023-06-29T20:31:18","modified_gmt":"2023-06-29T20:31:18","slug":"forstmulcher-meri-crusher","status":"publish","type":"post","link":"https:\/\/spezialholzerei-schauli.ch\/cms\/forstmulcher-meri-crusher\/","title":{"rendered":"Forstmulcher"},"content":{"rendered":"\t\t<div data-elementor-type=\"wp-post\" data-elementor-id=\"2056\" class=\"elementor elementor-2056\" data-elementor-post-type=\"post\">\n\t\t\t\t\t\t<section class=\"elementor-section elementor-top-section elementor-element elementor-element-4b61da21 elementor-section-boxed elementor-section-height-default elementor-section-height-default\" data-id=\"4b61da21\" data-element_type=\"section\" data-e-type=\"section\">\n\t\t\t\t\t\t<div class=\"elementor-container elementor-column-gap-default\">\n\t\t\t\t\t<div class=\"elementor-column elementor-col-100 elementor-top-column elementor-element elementor-element-1811959\" data-id=\"1811959\" data-element_type=\"column\" data-e-type=\"column\">\n\t\t\t<div class=\"elementor-widget-wrap elementor-element-populated\">\n\t\t\t\t\t\t<div class=\"elementor-element elementor-element-371dcc78 elementor-widget elementor-widget-text-editor\" data-id=\"371dcc78\" data-element_type=\"widget\" data-e-type=\"widget\" data-widget_type=\"text-editor.default\">\n\t\t\t\t<div class=\"elementor-widget-container\">\n\t\t\t\t\t\t\t\t\t<p>Mit einem Forstmulcher kann \u00fcber kleinere abges\u00e4gte Baumwurzeln gefahren werden. Auf diese Weise m\u00fcssen diese nicht extra ausgefr\u00e4st werden. Der Forstmulcher wird vor allem f\u00fcr Baumanlagen eingesetzt, welche zu Ackerland umgenutzt werden sollen.<\/p>\t\t\t\t\t\t\t\t<\/div>\n\t\t\t\t<\/div>\n\t\t\t\t<div class=\"elementor-element elementor-element-9d51dc2 elementor-widget elementor-widget-gallery\" data-id=\"9d51dc2\" data-element_type=\"widget\" data-e-type=\"widget\" data-settings=\"{&quot;gallery_layout&quot;:&quot;masonry&quot;,&quot;lazyload&quot;:&quot;yes&quot;,&quot;columns&quot;:4,&quot;columns_tablet&quot;:2,&quot;columns_mobile&quot;:1,&quot;gap&quot;:{&quot;unit&quot;:&quot;px&quot;,&quot;size&quot;:10,&quot;sizes&quot;:[]},&quot;gap_tablet&quot;:{&quot;unit&quot;:&quot;px&quot;,&quot;size&quot;:10,&quot;sizes&quot;:[]},&quot;gap_mobile&quot;:{&quot;unit&quot;:&quot;px&quot;,&quot;size&quot;:10,&quot;sizes&quot;:[]},&quot;link_to&quot;:&quot;file&quot;,&quot;overlay_background&quot;:&quot;yes&quot;,&quot;content_hover_animation&quot;:&quot;fade-in&quot;}\" data-widget_type=\"gallery.default\">\n\t\t\t\t<div class=\"elementor-widget-container\">\n\t\t\t\t\t\t\t<div class=\"elementor-gallery__container\">\n\t\t\t\t\t\t\t<a class=\"e-gallery-item elementor-gallery-item elementor-animated-content\" href=\"https:\/\/spezialholzerei-schauli.ch\/cms\/wp-content\/uploads\/2023\/06\/PHOTO-2023-06-29-17-47-07-3.jpg\" data-elementor-open-lightbox=\"yes\" data-elementor-lightbox-slideshow=\"9d51dc2\" data-e-action-hash=\"#elementor-action%3Aaction%3Dlightbox%26settings%3DeyJpZCI6Mjg3MiwidXJsIjoiaHR0cHM6XC9cL3NwZXppYWxob2x6ZXJlaS1zY2hhdWxpLmNoXC9jbXNcL3dwLWNvbnRlbnRcL3VwbG9hZHNcLzIwMjNcLzA2XC9QSE9UTy0yMDIzLTA2LTI5LTE3LTQ3LTA3LTMuanBnIiwic2xpZGVzaG93IjoiOWQ1MWRjMiJ9\">\n\t\t\t\t\t<div class=\"e-gallery-image elementor-gallery-item__image\" data-thumbnail=\"https:\/\/spezialholzerei-schauli.ch\/cms\/wp-content\/uploads\/2023\/06\/PHOTO-2023-06-29-17-47-07-3.jpg\" data-width=\"1064\" data-height=\"942\" aria-label=\"\" role=\"img\" ><\/div>\n\t\t\t\t\t\t\t\t\t\t\t<div class=\"elementor-gallery-item__overlay\"><\/div>\n\t\t\t\t\t\t\t\t\t\t\t\t\t\t<\/a>\n\t\t\t\t\t\t\t<a class=\"e-gallery-item elementor-gallery-item elementor-animated-content\" href=\"https:\/\/spezialholzerei-schauli.ch\/cms\/wp-content\/uploads\/2023\/06\/PHOTO-2023-06-29-17-47-07-5.jpg\" data-elementor-open-lightbox=\"yes\" data-elementor-lightbox-slideshow=\"9d51dc2\" data-e-action-hash=\"#elementor-action%3Aaction%3Dlightbox%26settings%3DeyJpZCI6Mjg3NCwidXJsIjoiaHR0cHM6XC9cL3NwZXppYWxob2x6ZXJlaS1zY2hhdWxpLmNoXC9jbXNcL3dwLWNvbnRlbnRcL3VwbG9hZHNcLzIwMjNcLzA2XC9QSE9UTy0yMDIzLTA2LTI5LTE3LTQ3LTA3LTUuanBnIiwic2xpZGVzaG93IjoiOWQ1MWRjMiJ9\">\n\t\t\t\t\t<div class=\"e-gallery-image elementor-gallery-item__image\" data-thumbnail=\"https:\/\/spezialholzerei-schauli.ch\/cms\/wp-content\/uploads\/2023\/06\/PHOTO-2023-06-29-17-47-07-5.jpg\" data-width=\"1050\" data-height=\"664\" aria-label=\"\" role=\"img\" ><\/div>\n\t\t\t\t\t\t\t\t\t\t\t<div class=\"elementor-gallery-item__overlay\"><\/div>\n\t\t\t\t\t\t\t\t\t\t\t\t\t\t<\/a>\n\t\t\t\t\t\t\t<a class=\"e-gallery-item elementor-gallery-item elementor-animated-content\" href=\"https:\/\/spezialholzerei-schauli.ch\/cms\/wp-content\/uploads\/2023\/06\/PHOTO-2023-06-29-17-47-07-2.jpg\" data-elementor-open-lightbox=\"yes\" data-elementor-lightbox-slideshow=\"9d51dc2\" data-e-action-hash=\"#elementor-action%3Aaction%3Dlightbox%26settings%3DeyJpZCI6Mjg3MSwidXJsIjoiaHR0cHM6XC9cL3NwZXppYWxob2x6ZXJlaS1zY2hhdWxpLmNoXC9jbXNcL3dwLWNvbnRlbnRcL3VwbG9hZHNcLzIwMjNcLzA2XC9QSE9UTy0yMDIzLTA2LTI5LTE3LTQ3LTA3LTIuanBnIiwic2xpZGVzaG93IjoiOWQ1MWRjMiJ9\">\n\t\t\t\t\t<div class=\"e-gallery-image elementor-gallery-item__image\" data-thumbnail=\"https:\/\/spezialholzerei-schauli.ch\/cms\/wp-content\/uploads\/2023\/06\/PHOTO-2023-06-29-17-47-07-2.jpg\" data-width=\"1600\" data-height=\"1200\" aria-label=\"\" role=\"img\" ><\/div>\n\t\t\t\t\t\t\t\t\t\t\t<div class=\"elementor-gallery-item__overlay\"><\/div>\n\t\t\t\t\t\t\t\t\t\t\t\t\t\t<\/a>\n\t\t\t\t\t\t\t<a class=\"e-gallery-item elementor-gallery-item elementor-animated-content\" href=\"https:\/\/spezialholzerei-schauli.ch\/cms\/wp-content\/uploads\/2023\/06\/PHOTO-2023-06-29-17-47-07.jpg\" data-elementor-open-lightbox=\"yes\" data-elementor-lightbox-slideshow=\"9d51dc2\" data-e-action-hash=\"#elementor-action%3Aaction%3Dlightbox%26settings%3DeyJpZCI6Mjg3NSwidXJsIjoiaHR0cHM6XC9cL3NwZXppYWxob2x6ZXJlaS1zY2hhdWxpLmNoXC9jbXNcL3dwLWNvbnRlbnRcL3VwbG9hZHNcLzIwMjNcLzA2XC9QSE9UTy0yMDIzLTA2LTI5LTE3LTQ3LTA3LmpwZyIsInNsaWRlc2hvdyI6IjlkNTFkYzIifQ%3D%3D\">\n\t\t\t\t\t<div class=\"e-gallery-image elementor-gallery-item__image\" data-thumbnail=\"https:\/\/spezialholzerei-schauli.ch\/cms\/wp-content\/uploads\/2023\/06\/PHOTO-2023-06-29-17-47-07.jpg\" data-width=\"1600\" data-height=\"1200\" aria-label=\"\" role=\"img\" ><\/div>\n\t\t\t\t\t\t\t\t\t\t\t<div class=\"elementor-gallery-item__overlay\"><\/div>\n\t\t\t\t\t\t\t\t\t\t\t\t\t\t<\/a>\n\t\t\t\t\t\t\t<a class=\"e-gallery-item elementor-gallery-item elementor-animated-content\" href=\"https:\/\/spezialholzerei-schauli.ch\/cms\/wp-content\/uploads\/2023\/06\/PHOTO-2023-06-29-17-47-07-4.jpg\" data-elementor-open-lightbox=\"yes\" data-elementor-lightbox-slideshow=\"9d51dc2\" data-e-action-hash=\"#elementor-action%3Aaction%3Dlightbox%26settings%3DeyJpZCI6Mjg3MywidXJsIjoiaHR0cHM6XC9cL3NwZXppYWxob2x6ZXJlaS1zY2hhdWxpLmNoXC9jbXNcL3dwLWNvbnRlbnRcL3VwbG9hZHNcLzIwMjNcLzA2XC9QSE9UTy0yMDIzLTA2LTI5LTE3LTQ3LTA3LTQuanBnIiwic2xpZGVzaG93IjoiOWQ1MWRjMiJ9\">\n\t\t\t\t\t<div class=\"e-gallery-image elementor-gallery-item__image\" data-thumbnail=\"https:\/\/spezialholzerei-schauli.ch\/cms\/wp-content\/uploads\/2023\/06\/PHOTO-2023-06-29-17-47-07-4.jpg\" data-width=\"1033\" data-height=\"952\" aria-label=\"\" role=\"img\" ><\/div>\n\t\t\t\t\t\t\t\t\t\t\t<div class=\"elementor-gallery-item__overlay\"><\/div>\n\t\t\t\t\t\t\t\t\t\t\t\t\t\t<\/a>\n\t\t\t\t\t<\/div>\n\t\t\t\t\t<\/div>\n\t\t\t\t<\/div>\n\t\t\t\t\t<\/div>\n\t\t<\/div>\n\t\t\t\t\t<\/div>\n\t\t<\/section>\n\t\t\t\t<\/div>\n\t\t","protected":false},"excerpt":{"rendered":"<p>Mit einem Forstmulcher kann \u00fcber kleinere abges\u00e4gte Baumwurzeln gefahren werden. Auf diese Weise m\u00fcssen diese nicht extra ausgefr\u00e4st werden. Der Forstmulcher wird vor allem f\u00fcr Baumanlagen eingesetzt, welche zu Ackerland umgenutzt werden sollen.<\/p>\n","protected":false},"author":1,"featured_media":2870,"comment_status":"open","ping_status":"closed","sticky":false,"template":"","format":"standard","meta":{"footnotes":""},"categories":[14],"tags":[],"class_list":["post-2056","post","type-post","status-publish","format-standard","has-post-thumbnail","hentry","category-maschine"],"_links":{"self":[{"href":"https:\/\/spezialholzerei-schauli.ch\/cms\/wp-json\/wp\/v2\/posts\/2056","targetHints":{"allow":["GET"]}}],"collection":[{"href":"https:\/\/spezialholzerei-schauli.ch\/cms\/wp-json\/wp\/v2\/posts"}],"about":[{"href":"https:\/\/spezialholzerei-schauli.ch\/cms\/wp-json\/wp\/v2\/types\/post"}],"author":[{"embeddable":true,"href":"https:\/\/spezialholzerei-schauli.ch\/cms\/wp-json\/wp\/v2\/users\/1"}],"replies":[{"embeddable":true,"href":"https:\/\/spezialholzerei-schauli.ch\/cms\/wp-json\/wp\/v2\/comments?post=2056"}],"version-history":[{"count":0,"href":"https:\/\/spezialholzerei-schauli.ch\/cms\/wp-json\/wp\/v2\/posts\/2056\/revisions"}],"wp:featuredmedia":[{"embeddable":true,"href":"https:\/\/spezialholzerei-schauli.ch\/cms\/wp-json\/wp\/v2\/media\/2870"}],"wp:attachment":[{"href":"https:\/\/spezialholzerei-schauli.ch\/cms\/wp-json\/wp\/v2\/media?parent=2056"}],"wp:term":[{"taxonomy":"category","embeddable":true,"href":"https:\/\/spezialholzerei-schauli.ch\/cms\/wp-json\/wp\/v2\/categories?post=2056"},{"taxonomy":"post_tag","embeddable":true,"href":"https:\/\/spezialholzerei-schauli.ch\/cms\/wp-json\/wp\/v2\/tags?post=2056"}],"curies":[{"name":"wp","href":"https:\/\/api.w.org\/{rel}","templated":true}]}}