{"id":2881,"date":"2023-06-29T20:21:26","date_gmt":"2023-06-29T20:21:26","guid":{"rendered":"https:\/\/spezialholzerei-schauli.ch\/cms\/?p=2881"},"modified":"2023-07-26T10:00:27","modified_gmt":"2023-07-26T10:00:27","slug":"kranwagen-12m-reichweite","status":"publish","type":"post","link":"https:\/\/spezialholzerei-schauli.ch\/cms\/kranwagen-12m-reichweite\/","title":{"rendered":"Kranwagen mit 12m Reichweite"},"content":{"rendered":"\t\t<div data-elementor-type=\"wp-post\" data-elementor-id=\"2881\" class=\"elementor elementor-2881\" data-elementor-post-type=\"post\">\n\t\t\t\t\t\t<section class=\"elementor-section elementor-top-section elementor-element elementor-element-15c9b80 elementor-section-boxed elementor-section-height-default elementor-section-height-default\" data-id=\"15c9b80\" data-element_type=\"section\" data-e-type=\"section\">\n\t\t\t\t\t\t<div class=\"elementor-container elementor-column-gap-default\">\n\t\t\t\t\t<div class=\"elementor-column elementor-col-100 elementor-top-column elementor-element elementor-element-e38de61\" data-id=\"e38de61\" data-element_type=\"column\" data-e-type=\"column\">\n\t\t\t<div class=\"elementor-widget-wrap elementor-element-populated\">\n\t\t\t\t\t\t<div class=\"elementor-element elementor-element-460bb80 elementor-widget elementor-widget-text-editor\" data-id=\"460bb80\" data-element_type=\"widget\" data-e-type=\"widget\" data-widget_type=\"text-editor.default\">\n\t\t\t\t<div class=\"elementor-widget-container\">\n\t\t\t\t\t\t\t\t\t<p>Unseren Kranwagen haben wir top ausger\u00fcstet, damit wir jeden Kundenwunsch erf\u00fcllen k\u00f6nnen. Mit unserem 12m Kran, dem Holzgreifer und dem F\u00e4llgreifer k\u00f6nnen wir nicht nur \u00c4ste und St\u00e4mme aufladen, sondern diese auch problemlos f\u00e4llen.<\/p><p>Ausserdem verf\u00fcgt der Kranwagen \u00fcber eine manuell lenkbare Achse sowie eine Schwenkdeichsel, die uns ein Man\u00f6vrieren in engen Quartieren gut erm\u00f6glicht.<\/p>\t\t\t\t\t\t\t\t<\/div>\n\t\t\t\t<\/div>\n\t\t\t\t<div class=\"elementor-element elementor-element-638b93a elementor-widget elementor-widget-gallery\" data-id=\"638b93a\" data-element_type=\"widget\" data-e-type=\"widget\" data-settings=\"{&quot;gallery_layout&quot;:&quot;masonry&quot;,&quot;lazyload&quot;:&quot;yes&quot;,&quot;columns&quot;:4,&quot;columns_tablet&quot;:2,&quot;columns_mobile&quot;:1,&quot;gap&quot;:{&quot;unit&quot;:&quot;px&quot;,&quot;size&quot;:10,&quot;sizes&quot;:[]},&quot;gap_tablet&quot;:{&quot;unit&quot;:&quot;px&quot;,&quot;size&quot;:10,&quot;sizes&quot;:[]},&quot;gap_mobile&quot;:{&quot;unit&quot;:&quot;px&quot;,&quot;size&quot;:10,&quot;sizes&quot;:[]},&quot;link_to&quot;:&quot;file&quot;,&quot;overlay_background&quot;:&quot;yes&quot;,&quot;content_hover_animation&quot;:&quot;fade-in&quot;}\" data-widget_type=\"gallery.default\">\n\t\t\t\t<div class=\"elementor-widget-container\">\n\t\t\t\t\t\t\t<div class=\"elementor-gallery__container\">\n\t\t\t\t\t\t\t<a class=\"e-gallery-item elementor-gallery-item elementor-animated-content\" href=\"https:\/\/spezialholzerei-schauli.ch\/cms\/wp-content\/uploads\/2023\/06\/PHOTO-2023-06-29-17-54-15-3.jpg\" data-elementor-open-lightbox=\"yes\" data-elementor-lightbox-slideshow=\"638b93a\" data-e-action-hash=\"#elementor-action%3Aaction%3Dlightbox%26settings%3DeyJpZCI6Mjg4MywidXJsIjoiaHR0cHM6XC9cL3NwZXppYWxob2x6ZXJlaS1zY2hhdWxpLmNoXC9jbXNcL3dwLWNvbnRlbnRcL3VwbG9hZHNcLzIwMjNcLzA2XC9QSE9UTy0yMDIzLTA2LTI5LTE3LTU0LTE1LTMuanBnIiwic2xpZGVzaG93IjoiNjM4YjkzYSJ9\">\n\t\t\t\t\t<div class=\"e-gallery-image elementor-gallery-item__image\" data-thumbnail=\"https:\/\/spezialholzerei-schauli.ch\/cms\/wp-content\/uploads\/2023\/06\/PHOTO-2023-06-29-17-54-15-3.jpg\" data-width=\"1600\" data-height=\"1200\" aria-label=\"\" role=\"img\" ><\/div>\n\t\t\t\t\t\t\t\t\t\t\t<div class=\"elementor-gallery-item__overlay\"><\/div>\n\t\t\t\t\t\t\t\t\t\t\t\t\t\t<\/a>\n\t\t\t\t\t\t\t<a class=\"e-gallery-item elementor-gallery-item elementor-animated-content\" href=\"https:\/\/spezialholzerei-schauli.ch\/cms\/wp-content\/uploads\/2023\/06\/PHOTO-2023-06-29-17-54-16-7.jpg\" data-elementor-open-lightbox=\"yes\" data-elementor-lightbox-slideshow=\"638b93a\" data-e-action-hash=\"#elementor-action%3Aaction%3Dlightbox%26settings%3DeyJpZCI6Mjg5MywidXJsIjoiaHR0cHM6XC9cL3NwZXppYWxob2x6ZXJlaS1zY2hhdWxpLmNoXC9jbXNcL3dwLWNvbnRlbnRcL3VwbG9hZHNcLzIwMjNcLzA2XC9QSE9UTy0yMDIzLTA2LTI5LTE3LTU0LTE2LTcuanBnIiwic2xpZGVzaG93IjoiNjM4YjkzYSJ9\">\n\t\t\t\t\t<div class=\"e-gallery-image elementor-gallery-item__image\" data-thumbnail=\"https:\/\/spezialholzerei-schauli.ch\/cms\/wp-content\/uploads\/2023\/06\/PHOTO-2023-06-29-17-54-16-7.jpg\" data-width=\"1536\" data-height=\"2048\" aria-label=\"\" role=\"img\" ><\/div>\n\t\t\t\t\t\t\t\t\t\t\t<div class=\"elementor-gallery-item__overlay\"><\/div>\n\t\t\t\t\t\t\t\t\t\t\t\t\t\t<\/a>\n\t\t\t\t\t\t\t<a class=\"e-gallery-item elementor-gallery-item elementor-animated-content\" href=\"https:\/\/spezialholzerei-schauli.ch\/cms\/wp-content\/uploads\/2023\/06\/PHOTO-2023-06-29-17-54-16-4.jpg\" data-elementor-open-lightbox=\"yes\" data-elementor-lightbox-slideshow=\"638b93a\" data-e-action-hash=\"#elementor-action%3Aaction%3Dlightbox%26settings%3DeyJpZCI6Mjg5MCwidXJsIjoiaHR0cHM6XC9cL3NwZXppYWxob2x6ZXJlaS1zY2hhdWxpLmNoXC9jbXNcL3dwLWNvbnRlbnRcL3VwbG9hZHNcLzIwMjNcLzA2XC9QSE9UTy0yMDIzLTA2LTI5LTE3LTU0LTE2LTQuanBnIiwic2xpZGVzaG93IjoiNjM4YjkzYSJ9\">\n\t\t\t\t\t<div class=\"e-gallery-image elementor-gallery-item__image\" data-thumbnail=\"https:\/\/spezialholzerei-schauli.ch\/cms\/wp-content\/uploads\/2023\/06\/PHOTO-2023-06-29-17-54-16-4.jpg\" data-width=\"1600\" data-height=\"1200\" aria-label=\"\" role=\"img\" ><\/div>\n\t\t\t\t\t\t\t\t\t\t\t<div class=\"elementor-gallery-item__overlay\"><\/div>\n\t\t\t\t\t\t\t\t\t\t\t\t\t\t<\/a>\n\t\t\t\t\t\t\t<a class=\"e-gallery-item elementor-gallery-item elementor-animated-content\" href=\"https:\/\/spezialholzerei-schauli.ch\/cms\/wp-content\/uploads\/2023\/06\/PHOTO-2023-06-29-17-54-16-8.jpg\" data-elementor-open-lightbox=\"yes\" data-elementor-lightbox-slideshow=\"638b93a\" data-e-action-hash=\"#elementor-action%3Aaction%3Dlightbox%26settings%3DeyJpZCI6Mjg5NSwidXJsIjoiaHR0cHM6XC9cL3NwZXppYWxob2x6ZXJlaS1zY2hhdWxpLmNoXC9jbXNcL3dwLWNvbnRlbnRcL3VwbG9hZHNcLzIwMjNcLzA2XC9QSE9UTy0yMDIzLTA2LTI5LTE3LTU0LTE2LTguanBnIiwic2xpZGVzaG93IjoiNjM4YjkzYSJ9\">\n\t\t\t\t\t<div class=\"e-gallery-image elementor-gallery-item__image\" data-thumbnail=\"https:\/\/spezialholzerei-schauli.ch\/cms\/wp-content\/uploads\/2023\/06\/PHOTO-2023-06-29-17-54-16-8.jpg\" data-width=\"1536\" data-height=\"2048\" aria-label=\"\" role=\"img\" ><\/div>\n\t\t\t\t\t\t\t\t\t\t\t<div class=\"elementor-gallery-item__overlay\"><\/div>\n\t\t\t\t\t\t\t\t\t\t\t\t\t\t<\/a>\n\t\t\t\t\t\t\t<a class=\"e-gallery-item elementor-gallery-item elementor-animated-content\" href=\"https:\/\/spezialholzerei-schauli.ch\/cms\/wp-content\/uploads\/2023\/06\/PHOTO-2023-06-29-17-54-16-6.jpg\" data-elementor-open-lightbox=\"yes\" data-elementor-lightbox-slideshow=\"638b93a\" data-e-action-hash=\"#elementor-action%3Aaction%3Dlightbox%26settings%3DeyJpZCI6Mjg5MiwidXJsIjoiaHR0cHM6XC9cL3NwZXppYWxob2x6ZXJlaS1zY2hhdWxpLmNoXC9jbXNcL3dwLWNvbnRlbnRcL3VwbG9hZHNcLzIwMjNcLzA2XC9QSE9UTy0yMDIzLTA2LTI5LTE3LTU0LTE2LTYuanBnIiwic2xpZGVzaG93IjoiNjM4YjkzYSJ9\">\n\t\t\t\t\t<div class=\"e-gallery-image elementor-gallery-item__image\" data-thumbnail=\"https:\/\/spezialholzerei-schauli.ch\/cms\/wp-content\/uploads\/2023\/06\/PHOTO-2023-06-29-17-54-16-6.jpg\" data-width=\"1536\" data-height=\"2048\" aria-label=\"\" role=\"img\" ><\/div>\n\t\t\t\t\t\t\t\t\t\t\t<div class=\"elementor-gallery-item__overlay\"><\/div>\n\t\t\t\t\t\t\t\t\t\t\t\t\t\t<\/a>\n\t\t\t\t\t\t\t<a class=\"e-gallery-item elementor-gallery-item elementor-animated-content\" href=\"https:\/\/spezialholzerei-schauli.ch\/cms\/wp-content\/uploads\/2023\/06\/PHOTO-2023-06-29-17-54-16-9.jpg\" data-elementor-open-lightbox=\"yes\" data-elementor-lightbox-slideshow=\"638b93a\" data-e-action-hash=\"#elementor-action%3Aaction%3Dlightbox%26settings%3DeyJpZCI6Mjg5NiwidXJsIjoiaHR0cHM6XC9cL3NwZXppYWxob2x6ZXJlaS1zY2hhdWxpLmNoXC9jbXNcL3dwLWNvbnRlbnRcL3VwbG9hZHNcLzIwMjNcLzA2XC9QSE9UTy0yMDIzLTA2LTI5LTE3LTU0LTE2LTkuanBnIiwic2xpZGVzaG93IjoiNjM4YjkzYSJ9\">\n\t\t\t\t\t<div class=\"e-gallery-image elementor-gallery-item__image\" data-thumbnail=\"https:\/\/spezialholzerei-schauli.ch\/cms\/wp-content\/uploads\/2023\/06\/PHOTO-2023-06-29-17-54-16-9.jpg\" data-width=\"1200\" data-height=\"1600\" aria-label=\"\" role=\"img\" ><\/div>\n\t\t\t\t\t\t\t\t\t\t\t<div class=\"elementor-gallery-item__overlay\"><\/div>\n\t\t\t\t\t\t\t\t\t\t\t\t\t\t<\/a>\n\t\t\t\t\t\t\t<a class=\"e-gallery-item elementor-gallery-item elementor-animated-content\" href=\"https:\/\/spezialholzerei-schauli.ch\/cms\/wp-content\/uploads\/2023\/06\/PHOTO-2023-06-29-17-54-16-2.jpg\" data-elementor-open-lightbox=\"yes\" data-elementor-lightbox-slideshow=\"638b93a\" data-e-action-hash=\"#elementor-action%3Aaction%3Dlightbox%26settings%3DeyJpZCI6Mjg4OCwidXJsIjoiaHR0cHM6XC9cL3NwZXppYWxob2x6ZXJlaS1zY2hhdWxpLmNoXC9jbXNcL3dwLWNvbnRlbnRcL3VwbG9hZHNcLzIwMjNcLzA2XC9QSE9UTy0yMDIzLTA2LTI5LTE3LTU0LTE2LTIuanBnIiwic2xpZGVzaG93IjoiNjM4YjkzYSJ9\">\n\t\t\t\t\t<div class=\"e-gallery-image elementor-gallery-item__image\" data-thumbnail=\"https:\/\/spezialholzerei-schauli.ch\/cms\/wp-content\/uploads\/2023\/06\/PHOTO-2023-06-29-17-54-16-2.jpg\" data-width=\"1600\" data-height=\"1200\" aria-label=\"\" role=\"img\" ><\/div>\n\t\t\t\t\t\t\t\t\t\t\t<div class=\"elementor-gallery-item__overlay\"><\/div>\n\t\t\t\t\t\t\t\t\t\t\t\t\t\t<\/a>\n\t\t\t\t\t\t\t<a class=\"e-gallery-item elementor-gallery-item elementor-animated-content\" href=\"https:\/\/spezialholzerei-schauli.ch\/cms\/wp-content\/uploads\/2023\/06\/PHOTO-2023-06-29-17-54-15-4.jpg\" data-elementor-open-lightbox=\"yes\" data-elementor-lightbox-slideshow=\"638b93a\" data-e-action-hash=\"#elementor-action%3Aaction%3Dlightbox%26settings%3DeyJpZCI6Mjg4NCwidXJsIjoiaHR0cHM6XC9cL3NwZXppYWxob2x6ZXJlaS1zY2hhdWxpLmNoXC9jbXNcL3dwLWNvbnRlbnRcL3VwbG9hZHNcLzIwMjNcLzA2XC9QSE9UTy0yMDIzLTA2LTI5LTE3LTU0LTE1LTQuanBnIiwic2xpZGVzaG93IjoiNjM4YjkzYSJ9\">\n\t\t\t\t\t<div class=\"e-gallery-image elementor-gallery-item__image\" data-thumbnail=\"https:\/\/spezialholzerei-schauli.ch\/cms\/wp-content\/uploads\/2023\/06\/PHOTO-2023-06-29-17-54-15-4.jpg\" data-width=\"1500\" data-height=\"2000\" aria-label=\"\" role=\"img\" ><\/div>\n\t\t\t\t\t\t\t\t\t\t\t<div class=\"elementor-gallery-item__overlay\"><\/div>\n\t\t\t\t\t\t\t\t\t\t\t\t\t\t<\/a>\n\t\t\t\t\t\t\t<a class=\"e-gallery-item elementor-gallery-item elementor-animated-content\" href=\"https:\/\/spezialholzerei-schauli.ch\/cms\/wp-content\/uploads\/2023\/06\/PHOTO-2023-06-29-17-54-17.jpg\" data-elementor-open-lightbox=\"yes\" data-elementor-lightbox-slideshow=\"638b93a\" data-e-action-hash=\"#elementor-action%3Aaction%3Dlightbox%26settings%3DeyJpZCI6MjkwMiwidXJsIjoiaHR0cHM6XC9cL3NwZXppYWxob2x6ZXJlaS1zY2hhdWxpLmNoXC9jbXNcL3dwLWNvbnRlbnRcL3VwbG9hZHNcLzIwMjNcLzA2XC9QSE9UTy0yMDIzLTA2LTI5LTE3LTU0LTE3LmpwZyIsInNsaWRlc2hvdyI6IjYzOGI5M2EifQ%3D%3D\">\n\t\t\t\t\t<div class=\"e-gallery-image elementor-gallery-item__image\" data-thumbnail=\"https:\/\/spezialholzerei-schauli.ch\/cms\/wp-content\/uploads\/2023\/06\/PHOTO-2023-06-29-17-54-17.jpg\" data-width=\"1600\" data-height=\"1200\" aria-label=\"\" role=\"img\" ><\/div>\n\t\t\t\t\t\t\t\t\t\t\t<div class=\"elementor-gallery-item__overlay\"><\/div>\n\t\t\t\t\t\t\t\t\t\t\t\t\t\t<\/a>\n\t\t\t\t\t\t\t<a class=\"e-gallery-item elementor-gallery-item elementor-animated-content\" href=\"https:\/\/spezialholzerei-schauli.ch\/cms\/wp-content\/uploads\/2023\/06\/PHOTO-2023-06-29-17-54-17-4.jpg\" data-elementor-open-lightbox=\"yes\" data-elementor-lightbox-slideshow=\"638b93a\" data-e-action-hash=\"#elementor-action%3Aaction%3Dlightbox%26settings%3DeyJpZCI6MjkwMCwidXJsIjoiaHR0cHM6XC9cL3NwZXppYWxob2x6ZXJlaS1zY2hhdWxpLmNoXC9jbXNcL3dwLWNvbnRlbnRcL3VwbG9hZHNcLzIwMjNcLzA2XC9QSE9UTy0yMDIzLTA2LTI5LTE3LTU0LTE3LTQuanBnIiwic2xpZGVzaG93IjoiNjM4YjkzYSJ9\">\n\t\t\t\t\t<div class=\"e-gallery-image elementor-gallery-item__image\" data-thumbnail=\"https:\/\/spezialholzerei-schauli.ch\/cms\/wp-content\/uploads\/2023\/06\/PHOTO-2023-06-29-17-54-17-4.jpg\" data-width=\"1200\" data-height=\"1600\" aria-label=\"\" role=\"img\" ><\/div>\n\t\t\t\t\t\t\t\t\t\t\t<div class=\"elementor-gallery-item__overlay\"><\/div>\n\t\t\t\t\t\t\t\t\t\t\t\t\t\t<\/a>\n\t\t\t\t\t\t\t<a class=\"e-gallery-item elementor-gallery-item elementor-animated-content\" href=\"https:\/\/spezialholzerei-schauli.ch\/cms\/wp-content\/uploads\/2023\/06\/PHOTO-2023-06-29-17-54-17-5.jpg\" data-elementor-open-lightbox=\"yes\" data-elementor-lightbox-slideshow=\"638b93a\" data-e-action-hash=\"#elementor-action%3Aaction%3Dlightbox%26settings%3DeyJpZCI6MjkwMSwidXJsIjoiaHR0cHM6XC9cL3NwZXppYWxob2x6ZXJlaS1zY2hhdWxpLmNoXC9jbXNcL3dwLWNvbnRlbnRcL3VwbG9hZHNcLzIwMjNcLzA2XC9QSE9UTy0yMDIzLTA2LTI5LTE3LTU0LTE3LTUuanBnIiwic2xpZGVzaG93IjoiNjM4YjkzYSJ9\">\n\t\t\t\t\t<div class=\"e-gallery-image elementor-gallery-item__image\" data-thumbnail=\"https:\/\/spezialholzerei-schauli.ch\/cms\/wp-content\/uploads\/2023\/06\/PHOTO-2023-06-29-17-54-17-5.jpg\" data-width=\"1200\" data-height=\"1600\" aria-label=\"\" role=\"img\" ><\/div>\n\t\t\t\t\t\t\t\t\t\t\t<div class=\"elementor-gallery-item__overlay\"><\/div>\n\t\t\t\t\t\t\t\t\t\t\t\t\t\t<\/a>\n\t\t\t\t\t\t\t<a class=\"e-gallery-item elementor-gallery-item elementor-animated-content\" href=\"https:\/\/spezialholzerei-schauli.ch\/cms\/wp-content\/uploads\/2023\/06\/PHOTO-2023-06-29-17-54-17-2.jpg\" data-elementor-open-lightbox=\"yes\" data-elementor-lightbox-slideshow=\"638b93a\" data-e-action-hash=\"#elementor-action%3Aaction%3Dlightbox%26settings%3DeyJpZCI6Mjg5OCwidXJsIjoiaHR0cHM6XC9cL3NwZXppYWxob2x6ZXJlaS1zY2hhdWxpLmNoXC9jbXNcL3dwLWNvbnRlbnRcL3VwbG9hZHNcLzIwMjNcLzA2XC9QSE9UTy0yMDIzLTA2LTI5LTE3LTU0LTE3LTIuanBnIiwic2xpZGVzaG93IjoiNjM4YjkzYSJ9\">\n\t\t\t\t\t<div class=\"e-gallery-image elementor-gallery-item__image\" data-thumbnail=\"https:\/\/spezialholzerei-schauli.ch\/cms\/wp-content\/uploads\/2023\/06\/PHOTO-2023-06-29-17-54-17-2.jpg\" data-width=\"1200\" data-height=\"1600\" aria-label=\"\" role=\"img\" ><\/div>\n\t\t\t\t\t\t\t\t\t\t\t<div class=\"elementor-gallery-item__overlay\"><\/div>\n\t\t\t\t\t\t\t\t\t\t\t\t\t\t<\/a>\n\t\t\t\t\t\t\t<a class=\"e-gallery-item elementor-gallery-item elementor-animated-content\" href=\"https:\/\/spezialholzerei-schauli.ch\/cms\/wp-content\/uploads\/2023\/06\/PHOTO-2023-06-29-17-54-16.jpg\" data-elementor-open-lightbox=\"yes\" data-elementor-lightbox-slideshow=\"638b93a\" data-e-action-hash=\"#elementor-action%3Aaction%3Dlightbox%26settings%3DeyJpZCI6Mjg5NywidXJsIjoiaHR0cHM6XC9cL3NwZXppYWxob2x6ZXJlaS1zY2hhdWxpLmNoXC9jbXNcL3dwLWNvbnRlbnRcL3VwbG9hZHNcLzIwMjNcLzA2XC9QSE9UTy0yMDIzLTA2LTI5LTE3LTU0LTE2LmpwZyIsInNsaWRlc2hvdyI6IjYzOGI5M2EifQ%3D%3D\">\n\t\t\t\t\t<div class=\"e-gallery-image elementor-gallery-item__image\" data-thumbnail=\"https:\/\/spezialholzerei-schauli.ch\/cms\/wp-content\/uploads\/2023\/06\/PHOTO-2023-06-29-17-54-16.jpg\" data-width=\"1600\" data-height=\"1200\" aria-label=\"\" role=\"img\" ><\/div>\n\t\t\t\t\t\t\t\t\t\t\t<div class=\"elementor-gallery-item__overlay\"><\/div>\n\t\t\t\t\t\t\t\t\t\t\t\t\t\t<\/a>\n\t\t\t\t\t\t\t<a class=\"e-gallery-item elementor-gallery-item elementor-animated-content\" href=\"https:\/\/spezialholzerei-schauli.ch\/cms\/wp-content\/uploads\/2023\/06\/PHOTO-2023-06-29-17-54-15.jpg\" data-elementor-open-lightbox=\"yes\" data-elementor-lightbox-slideshow=\"638b93a\" data-e-action-hash=\"#elementor-action%3Aaction%3Dlightbox%26settings%3DeyJpZCI6Mjg4NywidXJsIjoiaHR0cHM6XC9cL3NwZXppYWxob2x6ZXJlaS1zY2hhdWxpLmNoXC9jbXNcL3dwLWNvbnRlbnRcL3VwbG9hZHNcLzIwMjNcLzA2XC9QSE9UTy0yMDIzLTA2LTI5LTE3LTU0LTE1LmpwZyIsInNsaWRlc2hvdyI6IjYzOGI5M2EifQ%3D%3D\">\n\t\t\t\t\t<div class=\"e-gallery-image elementor-gallery-item__image\" data-thumbnail=\"https:\/\/spezialholzerei-schauli.ch\/cms\/wp-content\/uploads\/2023\/06\/PHOTO-2023-06-29-17-54-15.jpg\" data-width=\"1200\" data-height=\"1600\" aria-label=\"\" role=\"img\" ><\/div>\n\t\t\t\t\t\t\t\t\t\t\t<div class=\"elementor-gallery-item__overlay\"><\/div>\n\t\t\t\t\t\t\t\t\t\t\t\t\t\t<\/a>\n\t\t\t\t\t<\/div>\n\t\t\t\t\t<\/div>\n\t\t\t\t<\/div>\n\t\t\t\t\t<\/div>\n\t\t<\/div>\n\t\t\t\t\t<\/div>\n\t\t<\/section>\n\t\t\t\t<\/div>\n\t\t","protected":false},"excerpt":{"rendered":"<p>Unseren Kranwagen haben wir top ausger\u00fcstet, damit wir jeden Kundenwunsch erf\u00fcllen k\u00f6nnen. Mit unserem 12m Kran, dem Holzgreifer und dem F\u00e4llgreifer k\u00f6nnen wir nicht nur \u00c4ste und St\u00e4mme aufladen, sondern diese auch problemlos f\u00e4llen. Ausserdem verf\u00fcgt der Kranwagen \u00fcber eine manuell lenkbare Achse sowie eine Schwenkdeichsel, die uns ein Man\u00f6vrieren in engen Quartieren gut erm\u00f6glicht.<\/p>\n","protected":false},"author":1,"featured_media":2876,"comment_status":"open","ping_status":"closed","sticky":false,"template":"","format":"standard","meta":{"footnotes":""},"categories":[14],"tags":[],"class_list":["post-2881","post","type-post","status-publish","format-standard","has-post-thumbnail","hentry","category-maschine"],"_links":{"self":[{"href":"https:\/\/spezialholzerei-schauli.ch\/cms\/wp-json\/wp\/v2\/posts\/2881","targetHints":{"allow":["GET"]}}],"collection":[{"href":"https:\/\/spezialholzerei-schauli.ch\/cms\/wp-json\/wp\/v2\/posts"}],"about":[{"href":"https:\/\/spezialholzerei-schauli.ch\/cms\/wp-json\/wp\/v2\/types\/post"}],"author":[{"embeddable":true,"href":"https:\/\/spezialholzerei-schauli.ch\/cms\/wp-json\/wp\/v2\/users\/1"}],"replies":[{"embeddable":true,"href":"https:\/\/spezialholzerei-schauli.ch\/cms\/wp-json\/wp\/v2\/comments?post=2881"}],"version-history":[{"count":0,"href":"https:\/\/spezialholzerei-schauli.ch\/cms\/wp-json\/wp\/v2\/posts\/2881\/revisions"}],"wp:featuredmedia":[{"embeddable":true,"href":"https:\/\/spezialholzerei-schauli.ch\/cms\/wp-json\/wp\/v2\/media\/2876"}],"wp:attachment":[{"href":"https:\/\/spezialholzerei-schauli.ch\/cms\/wp-json\/wp\/v2\/media?parent=2881"}],"wp:term":[{"taxonomy":"category","embeddable":true,"href":"https:\/\/spezialholzerei-schauli.ch\/cms\/wp-json\/wp\/v2\/categories?post=2881"},{"taxonomy":"post_tag","embeddable":true,"href":"https:\/\/spezialholzerei-schauli.ch\/cms\/wp-json\/wp\/v2\/tags?post=2881"}],"curies":[{"name":"wp","href":"https:\/\/api.w.org\/{rel}","templated":true}]}}